[{"@context":"https:\/\/schema.org\/","@type":"Article","@id":"https:\/\/www.environ.sk\/manikura-je-moj-zivot\/#Article","mainEntityOfPage":"https:\/\/www.environ.sk\/manikura-je-moj-zivot\/","headline":"Manik\u00fara je m\u00f4j \u017eivot","name":"Manik\u00fara je m\u00f4j \u017eivot","description":"V\u017edy som sa zauj\u00edmala o mali\u010dkosti. Bola som skuto\u010dne ve\u013ek\u00e1 detailistka, \u010do sa prejavovalo na \u00fapln\u00fdch drobnostiach. Nikdy mi to neprek\u00e1\u017ealo, no uvedomovala som si, \u017ee ma to ob\u010das ve\u013emi obmedzuje. Na jednej strane mi &hellip; ","datePublished":"2017-12-21","dateModified":"2023-04-28","author":{"@type":"Person","@id":"https:\/\/www.environ.sk\/author\/#Person","name":"","url":"https:\/\/www.environ.sk\/author\/","identifier":1,"image":{"@type":"ImageObject","@id":"https:\/\/secure.gravatar.com\/avatar\/8497d718f60c891079802e88ae93b6c100d284127a9ef9549781b221f13b4bab?s=96&d=mm&r=g","url":"https:\/\/secure.gravatar.com\/avatar\/8497d718f60c891079802e88ae93b6c100d284127a9ef9549781b221f13b4bab?s=96&d=mm&r=g","height":96,"width":96}},"publisher":{"@type":"Organization","name":"environ.sk","logo":{"@type":"ImageObject","@id":"\/logo.png","url":"\/logo.png","width":600,"height":60}},"image":{"@type":"ImageObject","@id":"https:\/\/www.environ.sk\/wp-content\/uploads\/img_a284480_w16530_t1516349832.jpg","url":"https:\/\/www.environ.sk\/wp-content\/uploads\/img_a284480_w16530_t1516349832.jpg","height":0,"width":0},"url":"https:\/\/www.environ.sk\/manikura-je-moj-zivot\/","about":["Produkty"],"wordCount":403,"articleBody":"V\u017edy som sa zauj\u00edmala o mali\u010dkosti. Bola som skuto\u010dne ve\u013ek\u00e1 detailistka, \u010do sa prejavovalo na \u00fapln\u00fdch drobnostiach. Nikdy mi to neprek\u00e1\u017ealo, no uvedomovala som si, \u017ee ma to ob\u010das ve\u013emi obmedzuje. Na jednej strane mi bolo jasn\u00e9, \u017ee to nie je zl\u00e1 vlastnos\u0165. No presahovalo to a\u017e do punti\u010dk\u00e1rstva a to bolo nie\u010do, z \u010doho som nemala dobr\u00fd pocit. V\u017edy som si v\u0161ak myslela, \u017ee to raz vyu\u017eijem. Videla som toti\u017eto aj veci, ktor\u00e9 in\u00ed \u013eudia tot\u00e1lne prehliadali. A, aj ke\u010f nerada, mus\u00edm prizna\u0165, \u017ee som na to bola poriadne hrd\u00e1. Rozhodla som sa preto, \u017ee svoju pozornos\u0165 venujem pr\u00e1ve tak\u00fdmto drobnostiam. A za\u010dala som manik\u00farou.Vedela som, \u017ee ak je v nie\u010dom spe\u010daten\u00fd m\u00f4j osud, tak je to pr\u00e1ve v lakoch a v detailn\u00fdch \u0161tetcoch, pomocou ktor\u00fdch moje minimalistick\u00e9 predstavy presuniem na nie\u010do tak\u00e9 oby\u010dajn\u00e9, ako je manik\u00fara. V\u017edy som si toti\u017eto potrpela na to, aby som mala pekn\u00e9 nechty. V\u0161\u00edmala som si ich aj na in\u00fdch \u013eu\u010foch a v\u017edy som vedela, \u017ee tak\u00fdmto smerom sa bude ubera\u0165 aj cel\u00fd m\u00f4j \u017eivot. Chcela som by\u0165 manik\u00e9rka, preto\u017ee som bola umelky\u0148a a bavila ma &#8222;mrav\u010dia&#8220; pr\u00e1ca. Najrad\u0161ej som bola, ke\u010f ku mne pri\u0161la \u017eena, ktor\u00e1 to nechala len na m\u0148a. Vtedy som sa vedela poriadne vybl\u00e1zni\u0165 a mala som z toho v\u017edy obrovsk\u00fa rados\u0165.Za\u010d\u00ednala som len s jednoduch\u00fdmi vecami, no napokon som sa odv\u00e1\u017eila aj na r\u00f4zne in\u00e9 veci. R\u00f4zne aplik\u00e1cie, ozdoby, g\u00e9lov\u00e9 laky a g\u00e9l-laky, jednoducho som sk\u00fa\u0161ala, kam a\u017e m\u00f4\u017eem z\u00e1js\u0165. Pre \u013eud\u00ed asi nie je lep\u0161\u00ed pocit, ako ke\u010f n\u00e1jdu nie\u010do, \u010do ich nap\u013a\u0148a, v \u010dom s\u00fa dobr\u00ed a na \u010do maj\u00fa skuto\u010dn\u00fd talent. Kto by to bol povedal, \u017ee pr\u00e1ve moje punti\u010dk\u00e1rske spr\u00e1vanie sp\u00f4sob\u00ed, \u017ee si n\u00e1jdem pr\u00e1cu, ktor\u00fa budem nadov\u0161etko milova\u0165. Priala by som ka\u017ed\u00e9mu, aby na\u0161li pr\u00e1cu, ktor\u00fa bud\u00fa zbo\u017e\u0148ova\u0165. Manik\u00fara je nie\u010do, \u010do som si na\u0161la. Alebo, \u010do si na\u0161lo m\u0148a? Ktovie, mo\u017eno to predsa len nebola \u00fapln\u00e1 n\u00e1hoda.                                                                                                                                                                                                                                                                                                                                                                                        4.9\/5 - (7 votes)        "},{"@context":"https:\/\/schema.org\/","@type":"BreadcrumbList","itemListElement":[{"@type":"ListItem","position":1,"name":"Manik\u00fara je m\u00f4j \u017eivot","item":"https:\/\/www.environ.sk\/manikura-je-moj-zivot\/#breadcrumbitem"}]}]