[{"@context":"https:\/\/schema.org\/","@type":"Article","@id":"https:\/\/www.environ.sk\/naozaj-sa-oplati-mat-tak-vyrazne-oci\/#Article","mainEntityOfPage":"https:\/\/www.environ.sk\/naozaj-sa-oplati-mat-tak-vyrazne-oci\/","headline":"Naozaj sa oplat\u00ed ma\u0165 tak v\u00fdrazn\u00e9 o\u010di","name":"Naozaj sa oplat\u00ed ma\u0165 tak v\u00fdrazn\u00e9 o\u010di","description":"\u00c1no, o\u010di s\u00fa okno do du\u0161e a v\u00e4\u010d\u0161inou si ich na druhej osobe v\u0161\u00edmame ako prv\u00fdch. Neprest\u00e1va n\u00e1s fascinova\u0165 ten poh\u013ead, ktor\u00fdm n\u00e1s obdarila milovan\u00e1 osoba. S\u00fa v nich tis\u00edce \u00fasmevov, slov pln\u00fdch l\u00e1sky, ale &hellip; ","datePublished":"2017-10-22","dateModified":"2023-04-28","author":{"@type":"Person","@id":"https:\/\/www.environ.sk\/author\/#Person","name":"","url":"https:\/\/www.environ.sk\/author\/","identifier":1,"image":{"@type":"ImageObject","@id":"https:\/\/secure.gravatar.com\/avatar\/8497d718f60c891079802e88ae93b6c100d284127a9ef9549781b221f13b4bab?s=96&d=mm&r=g","url":"https:\/\/secure.gravatar.com\/avatar\/8497d718f60c891079802e88ae93b6c100d284127a9ef9549781b221f13b4bab?s=96&d=mm&r=g","height":96,"width":96}},"publisher":{"@type":"Organization","name":"environ.sk","logo":{"@type":"ImageObject","@id":"\/logo.png","url":"\/logo.png","width":600,"height":60}},"image":{"@type":"ImageObject","@id":"https:\/\/www.environ.sk\/wp-content\/uploads\/img_a283117_w16505_t1510133965.jpg","url":"https:\/\/www.environ.sk\/wp-content\/uploads\/img_a283117_w16505_t1510133965.jpg","height":0,"width":0},"url":"https:\/\/www.environ.sk\/naozaj-sa-oplati-mat-tak-vyrazne-oci\/","about":["\u017deny"],"wordCount":423,"articleBody":"\u00c1no, o\u010di s\u00fa okno do du\u0161e a v\u00e4\u010d\u0161inou si ich na druhej osobe v\u0161\u00edmame ako prv\u00fdch. Neprest\u00e1va n\u00e1s fascinova\u0165 ten poh\u013ead, ktor\u00fdm n\u00e1s obdarila milovan\u00e1 osoba. S\u00fa v nich tis\u00edce \u00fasmevov, slov pln\u00fdch l\u00e1sky, ale tie\u017e neuverite\u013en\u00fd sm\u00fatok. A pr\u00e1ve v\u00fdrazn\u00e9 riasy im m\u00f4\u017eu doda\u0165 na dramatickosti a v\u00fdrazu. Zrazu ste neuverite\u013ene sexi a \u017eiadan\u00e1.  Napriek tomu mus\u00edte by\u0165 ve\u013emi opatrn\u00e1, ak sa rozhodnete pom\u00f4c\u0165 pr\u00edrode a zaobstara\u0165 si umel\u00e9 mihalnice, ktor\u00e9 v\u00e1m tak splnia dlhoro\u010dn\u00fd tajn\u00fd sen. M\u00f4\u017eete toti\u017e patri\u0165 do skupiny \u017eien, ktor\u00fdch sa t\u00fdkaj\u00fa tie\u017e zdravotn\u00e9 rizik\u00e1. Nejde len o mal\u00e9 podr\u00e1\u017edenie, ale aj o nebezpe\u010dn\u00e9 alergie alebo a\u017e po\u0161kodenie zraku. Preto je tak d\u00f4le\u017eit\u00e9 vybra\u0165 si spr\u00e1vny sal\u00f3n, ktor\u00fd db\u00e1 na hygienick\u00e9 pravidl\u00e1 a pou\u017e\u00edva len kvalitn\u00e9 prostriedky. Alebo si urobte rados\u0165 nalepovaciami trsmi, ktor\u00e9 v\u00e1m urobia takmer rovnak\u00fa slu\u017ebu. Najviac sa mo\u017eno des\u00edte toho, aby v\u00e1m nevypadali tie va\u0161e pr\u00edrodn\u00e9, preto\u017ee m\u00f4\u017ee trva\u0165 naozaj ve\u013emi dlho ne\u017e znovu dorast\u00fa. Dnes za\u010dneme nie pr\u00edli\u0161 ob\u013e\u00faben\u00fdm v\u00fdpo\u010dtom zdravotn\u00fdch komplik\u00e1ci\u00ed. Such\u00e9 oko, slzenie a podivn\u00e9 tiene Pri aplik\u00e1cii permanentn\u00fdch rias mus\u00edte oko dr\u017ea\u0165 neust\u00e1le do \u0161\u00edrky otvoren\u00e9 a pokia\u013e mo\u017eno ani ne\u017emurkn\u00fa\u0165. A to m\u00f4\u017ee by\u0165 u\u017e prv\u00fd probl\u00e9m. \u013dudsk\u00e9 oko si toti\u017e \u017eiada zo svojej prirodzenosti neust\u00e1le zvlh\u010denie. Ke\u010f sa tak\u00e1 lubrik\u00e1cia nedostav\u00ed, potom v\u00e1s m\u00f4\u017ee za\u010da\u0165 svrbie\u0165 alebo reza\u0165. Alebo sa u v\u00e1s m\u00f4\u017ee objavi\u0165 syndr\u00f3m such\u00e9ho oka a bohu\u017eia\u013e mot\u00fdlie kr\u00eddla neumo\u017e\u0148uj\u00fa vie\u010dku, aby sa \u00faplne uzavrelo. Potom \u017eia\u013e doch\u00e1dza k neust\u00e1lemu vysu\u0161ovaniu p\u00f4soben\u00edm vzduchu. Komplik\u00e1cie ale m\u00f4\u017eu nasta\u0165 aj ove\u013ea nesk\u00f4r po proced\u00fare. Pod\u013ea jedn\u00e9ho prieskumu sa u mnoh\u00fdch \u017eien vyskytuj\u00fa probl\u00e9my ako: o svrbenie o\u010dn\u00fdch vie\u010dok o slzenie o pocity p\u00e1lenia o opuch alebo boles\u0165 o nespr\u00e1vne umiestnenie o alebo hnisav\u00fd v\u00fdtok  Dokonca sa s podobn\u00fdmi probl\u00e9mami stret\u00e1valo vy\u0161e 97% respondentiek. Na druh\u00fa stranu v\u00ed\u0165az\u00ed t\u00fa\u017eba by\u0165 kr\u00e1sna nielen pre seba aj napriek mo\u017en\u00fdm n\u00e1sledkom. Zv\u00e1\u017ete aj tak v\u0161etky rizik\u00e1 a in\u00e9 mo\u017enosti.                                                                                                                                                                                                                                                                                                                                                                                        2\/5 - (1 vote)        "},{"@context":"https:\/\/schema.org\/","@type":"BreadcrumbList","itemListElement":[{"@type":"ListItem","position":1,"name":"Naozaj sa oplat\u00ed ma\u0165 tak v\u00fdrazn\u00e9 o\u010di","item":"https:\/\/www.environ.sk\/naozaj-sa-oplati-mat-tak-vyrazne-oci\/#breadcrumbitem"}]}]