{"@context":"https:\/\/schema.org\/","@type":"CollectionPage","@id":"https:\/\/www.environ.sk\/produkty\/#CollectionPage","headline":"Produkty Category","description":"","url":"https:\/\/www.environ.sk\/produkty\/","hasPart":[{"@type":"Article","@id":"https:\/\/www.environ.sk\/vymena-zabradlia-vam-nezaberie-viac-ako-den\/","headline":"V\u00fdmena z\u00e1bradlia v\u00e1m nezaberie viac ako de\u0148","url":"https:\/\/www.environ.sk\/vymena-zabradlia-vam-nezaberie-viac-ako-den\/","datePublished":"2019-10-03","dateModified":"2023-04-28","mainEntityOfPage":"https:\/\/www.environ.sk\/vymena-zabradlia-vam-nezaberie-viac-ako-den\/","author":{"@type":"Person","@id":"https:\/\/www.environ.sk\/author\/#Person","name":"","url":"https:\/\/www.environ.sk\/author\/","identifier":1,"image":{"@type":"ImageObject","@id":"https:\/\/secure.gravatar.com\/avatar\/8497d718f60c891079802e88ae93b6c100d284127a9ef9549781b221f13b4bab?s=96&d=mm&r=g","url":"https:\/\/secure.gravatar.com\/avatar\/8497d718f60c891079802e88ae93b6c100d284127a9ef9549781b221f13b4bab?s=96&d=mm&r=g","height":96,"width":96}},"publisher":{"@type":"Organization","name":"environ.sk","logo":{"@type":"ImageObject","@id":"\/logo.png","url":"\/logo.png","width":600,"height":60}},"image":{"@type":"ImageObject","@id":"https:\/\/www.environ.sk\/wp-content\/uploads\/img_a309232_w16825_t1578930414.jpg","url":"https:\/\/www.environ.sk\/wp-content\/uploads\/img_a309232_w16825_t1578930414.jpg","height":0,"width":0},"keywords":null},{"@type":"Article","@id":"https:\/\/www.environ.sk\/vyhody-pitia-kozieho-mlieka\/","headline":"V\u00fdhody pitia kozieho mlieka","url":"https:\/\/www.environ.sk\/vyhody-pitia-kozieho-mlieka\/","datePublished":"2019-09-25","dateModified":"2023-04-28","mainEntityOfPage":"https:\/\/www.environ.sk\/vyhody-pitia-kozieho-mlieka\/","author":{"@type":"Person","@id":"https:\/\/www.environ.sk\/author\/#Person","name":"","url":"https:\/\/www.environ.sk\/author\/","identifier":1,"image":{"@type":"ImageObject","@id":"https:\/\/secure.gravatar.com\/avatar\/8497d718f60c891079802e88ae93b6c100d284127a9ef9549781b221f13b4bab?s=96&d=mm&r=g","url":"https:\/\/secure.gravatar.com\/avatar\/8497d718f60c891079802e88ae93b6c100d284127a9ef9549781b221f13b4bab?s=96&d=mm&r=g","height":96,"width":96}},"publisher":{"@type":"Organization","name":"environ.sk","logo":{"@type":"ImageObject","@id":"\/logo.png","url":"\/logo.png","width":600,"height":60}},"image":{"@type":"ImageObject","@id":"https:\/\/www.environ.sk\/wp-content\/uploads\/img_a306391_w16825_t1568899944.jpg","url":"https:\/\/www.environ.sk\/wp-content\/uploads\/img_a306391_w16825_t1568899944.jpg","height":0,"width":0},"keywords":null},{"@type":"Article","@id":"https:\/\/www.environ.sk\/pouzite-med-ako-doplnok-ku-kozmetickym-produktom\/","headline":"Pou\u017eite med ako doplnok ku kozmetick\u00fdm produktom!","url":"https:\/\/www.environ.sk\/pouzite-med-ako-doplnok-ku-kozmetickym-produktom\/","datePublished":"2019-09-05","dateModified":"2023-04-28","mainEntityOfPage":"https:\/\/www.environ.sk\/pouzite-med-ako-doplnok-ku-kozmetickym-produktom\/","author":{"@type":"Person","@id":"https:\/\/www.environ.sk\/author\/#Person","name":"","url":"https:\/\/www.environ.sk\/author\/","identifier":1,"image":{"@type":"ImageObject","@id":"https:\/\/secure.gravatar.com\/avatar\/8497d718f60c891079802e88ae93b6c100d284127a9ef9549781b221f13b4bab?s=96&d=mm&r=g","url":"https:\/\/secure.gravatar.com\/avatar\/8497d718f60c891079802e88ae93b6c100d284127a9ef9549781b221f13b4bab?s=96&d=mm&r=g","height":96,"width":96}},"publisher":{"@type":"Organization","name":"environ.sk","logo":{"@type":"ImageObject","@id":"\/logo.png","url":"\/logo.png","width":600,"height":60}},"image":{"@type":"ImageObject","@id":"https:\/\/www.environ.sk\/wp-content\/uploads\/img_a306972_w16825_t1569519399.jpg","url":"https:\/\/www.environ.sk\/wp-content\/uploads\/img_a306972_w16825_t1569519399.jpg","height":0,"width":0},"keywords":null},{"@type":"Article","@id":"https:\/\/www.environ.sk\/leto-stravene-na-balkone\/","headline":"Leto str\u00e1ven\u00e9 na balk\u00f3ne","url":"https:\/\/www.environ.sk\/leto-stravene-na-balkone\/","datePublished":"2019-08-15","dateModified":"2023-04-28","mainEntityOfPage":"https:\/\/www.environ.sk\/leto-stravene-na-balkone\/","author":{"@type":"Person","@id":"https:\/\/www.environ.sk\/author\/#Person","name":"","url":"https:\/\/www.environ.sk\/author\/","identifier":1,"image":{"@type":"ImageObject","@id":"https:\/\/secure.gravatar.com\/avatar\/8497d718f60c891079802e88ae93b6c100d284127a9ef9549781b221f13b4bab?s=96&d=mm&r=g","url":"https:\/\/secure.gravatar.com\/avatar\/8497d718f60c891079802e88ae93b6c100d284127a9ef9549781b221f13b4bab?s=96&d=mm&r=g","height":96,"width":96}},"publisher":{"@type":"Organization","name":"environ.sk","logo":{"@type":"ImageObject","@id":"\/logo.png","url":"\/logo.png","width":600,"height":60}},"image":{"@type":"ImageObject","@id":"https:\/\/www.environ.sk\/wp-content\/uploads\/img_a307868_w16825_t1572512630.jpg","url":"https:\/\/www.environ.sk\/wp-content\/uploads\/img_a307868_w16825_t1572512630.jpg","height":0,"width":0},"keywords":null},{"@type":"Article","@id":"https:\/\/www.environ.sk\/ked-to-iste-nie-je-to-iste\/","headline":"Ke\u010f to ist\u00e9 nie je to ist\u00e9","url":"https:\/\/www.environ.sk\/ked-to-iste-nie-je-to-iste\/","datePublished":"2019-08-09","dateModified":"2023-04-28","mainEntityOfPage":"https:\/\/www.environ.sk\/ked-to-iste-nie-je-to-iste\/","author":{"@type":"Person","@id":"https:\/\/www.environ.sk\/author\/#Person","name":"","url":"https:\/\/www.environ.sk\/author\/","identifier":1,"image":{"@type":"ImageObject","@id":"https:\/\/secure.gravatar.com\/avatar\/8497d718f60c891079802e88ae93b6c100d284127a9ef9549781b221f13b4bab?s=96&d=mm&r=g","url":"https:\/\/secure.gravatar.com\/avatar\/8497d718f60c891079802e88ae93b6c100d284127a9ef9549781b221f13b4bab?s=96&d=mm&r=g","height":96,"width":96}},"publisher":{"@type":"Organization","name":"environ.sk","logo":{"@type":"ImageObject","@id":"\/logo.png","url":"\/logo.png","width":600,"height":60}},"image":{"@type":"ImageObject","@id":"https:\/\/www.environ.sk\/wp-content\/uploads\/img_a306220_w16825_t1568738484.png","url":"https:\/\/www.environ.sk\/wp-content\/uploads\/img_a306220_w16825_t1568738484.png","height":0,"width":0},"keywords":null},{"@type":"Article","@id":"https:\/\/www.environ.sk\/preco-siahnut-po-led-pasikoch-alebo-ake-moznosti-nam-prinasaju\/","headline":"Pre\u010do siahnu\u0165 po led p\u00e1sikoch alebo ak\u00e9 mo\u017enosti n\u00e1m prin\u00e1\u0161aj\u00fa?","url":"https:\/\/www.environ.sk\/preco-siahnut-po-led-pasikoch-alebo-ake-moznosti-nam-prinasaju\/","datePublished":"2019-04-20","dateModified":"2023-04-28","mainEntityOfPage":"https:\/\/www.environ.sk\/preco-siahnut-po-led-pasikoch-alebo-ake-moznosti-nam-prinasaju\/","author":{"@type":"Person","@id":"https:\/\/www.environ.sk\/author\/#Person","name":"","url":"https:\/\/www.environ.sk\/author\/","identifier":1,"image":{"@type":"ImageObject","@id":"https:\/\/secure.gravatar.com\/avatar\/8497d718f60c891079802e88ae93b6c100d284127a9ef9549781b221f13b4bab?s=96&d=mm&r=g","url":"https:\/\/secure.gravatar.com\/avatar\/8497d718f60c891079802e88ae93b6c100d284127a9ef9549781b221f13b4bab?s=96&d=mm&r=g","height":96,"width":96}},"publisher":{"@type":"Organization","name":"environ.sk","logo":{"@type":"ImageObject","@id":"\/logo.png","url":"\/logo.png","width":600,"height":60}},"image":{"@type":"ImageObject","@id":"https:\/\/www.environ.sk\/wp-content\/uploads\/img_a301546_w16724_t1559044717.jpg","url":"https:\/\/www.environ.sk\/wp-content\/uploads\/img_a301546_w16724_t1559044717.jpg","height":0,"width":0},"keywords":null},{"@type":"Article","@id":"https:\/\/www.environ.sk\/legendarne-auto-pre-kazdy-rozpocet\/","headline":"Legend\u00e1rne auto pre ka\u017ed\u00fd rozpo\u010det","url":"https:\/\/www.environ.sk\/legendarne-auto-pre-kazdy-rozpocet\/","datePublished":"2019-02-13","dateModified":"2023-04-28","mainEntityOfPage":"https:\/\/www.environ.sk\/legendarne-auto-pre-kazdy-rozpocet\/","author":{"@type":"Person","@id":"https:\/\/www.environ.sk\/author\/#Person","name":"","url":"https:\/\/www.environ.sk\/author\/","identifier":1,"image":{"@type":"ImageObject","@id":"https:\/\/secure.gravatar.com\/avatar\/8497d718f60c891079802e88ae93b6c100d284127a9ef9549781b221f13b4bab?s=96&d=mm&r=g","url":"https:\/\/secure.gravatar.com\/avatar\/8497d718f60c891079802e88ae93b6c100d284127a9ef9549781b221f13b4bab?s=96&d=mm&r=g","height":96,"width":96}},"publisher":{"@type":"Organization","name":"environ.sk","logo":{"@type":"ImageObject","@id":"\/logo.png","url":"\/logo.png","width":600,"height":60}},"image":{"@type":"ImageObject","@id":"https:\/\/www.environ.sk\/wp-content\/uploads\/img_a296999_w16477_t1550513607.jpg","url":"https:\/\/www.environ.sk\/wp-content\/uploads\/img_a296999_w16477_t1550513607.jpg","height":0,"width":0},"keywords":null},{"@type":"Article","@id":"https:\/\/www.environ.sk\/exoticke-omacky-na-nasich-stoloch\/","headline":"Exotick\u00e9 om\u00e1\u010dky na na\u0161ich stoloch","url":"https:\/\/www.environ.sk\/exoticke-omacky-na-nasich-stoloch\/","datePublished":"2019-01-29","dateModified":"2023-04-28","mainEntityOfPage":"https:\/\/www.environ.sk\/exoticke-omacky-na-nasich-stoloch\/","author":{"@type":"Person","@id":"https:\/\/www.environ.sk\/author\/#Person","name":"","url":"https:\/\/www.environ.sk\/author\/","identifier":1,"image":{"@type":"ImageObject","@id":"https:\/\/secure.gravatar.com\/avatar\/8497d718f60c891079802e88ae93b6c100d284127a9ef9549781b221f13b4bab?s=96&d=mm&r=g","url":"https:\/\/secure.gravatar.com\/avatar\/8497d718f60c891079802e88ae93b6c100d284127a9ef9549781b221f13b4bab?s=96&d=mm&r=g","height":96,"width":96}},"publisher":{"@type":"Organization","name":"environ.sk","logo":{"@type":"ImageObject","@id":"\/logo.png","url":"\/logo.png","width":600,"height":60}},"image":{"@type":"ImageObject","@id":"https:\/\/www.environ.sk\/wp-content\/uploads\/img_a298966_w16624_t1553884262.jpg","url":"https:\/\/www.environ.sk\/wp-content\/uploads\/img_a298966_w16624_t1553884262.jpg","height":0,"width":0},"keywords":null},{"@type":"Article","@id":"https:\/\/www.environ.sk\/toto-bude-pre-vas-najlepsie\/","headline":"Toto bude pre v\u00e1s najlep\u0161ie","url":"https:\/\/www.environ.sk\/toto-bude-pre-vas-najlepsie\/","datePublished":"2019-01-08","dateModified":"2023-04-28","mainEntityOfPage":"https:\/\/www.environ.sk\/toto-bude-pre-vas-najlepsie\/","author":{"@type":"Person","@id":"https:\/\/www.environ.sk\/author\/#Person","name":"","url":"https:\/\/www.environ.sk\/author\/","identifier":1,"image":{"@type":"ImageObject","@id":"https:\/\/secure.gravatar.com\/avatar\/8497d718f60c891079802e88ae93b6c100d284127a9ef9549781b221f13b4bab?s=96&d=mm&r=g","url":"https:\/\/secure.gravatar.com\/avatar\/8497d718f60c891079802e88ae93b6c100d284127a9ef9549781b221f13b4bab?s=96&d=mm&r=g","height":96,"width":96}},"publisher":{"@type":"Organization","name":"environ.sk","logo":{"@type":"ImageObject","@id":"\/logo.png","url":"\/logo.png","width":600,"height":60}},"image":{"@type":"ImageObject","@id":"https:\/\/www.environ.sk\/wp-content\/uploads\/img_a296711_w16475_t1549967274.png","url":"https:\/\/www.environ.sk\/wp-content\/uploads\/img_a296711_w16475_t1549967274.png","height":0,"width":0},"keywords":null},{"@type":"Article","@id":"https:\/\/www.environ.sk\/index-spolahlivosti-alebo-ktore-auta-dopadli-najlepsie-a-ktore-skoncili-fiaskom\/","headline":"Index spo\u013eahlivosti alebo ktor\u00e9 aut\u00e1 dopadli najlep\u0161ie a ktor\u00e9 skon\u010dili fiaskom?","url":"https:\/\/www.environ.sk\/index-spolahlivosti-alebo-ktore-auta-dopadli-najlepsie-a-ktore-skoncili-fiaskom\/","datePublished":"2019-01-01","dateModified":"2023-04-28","mainEntityOfPage":"https:\/\/www.environ.sk\/index-spolahlivosti-alebo-ktore-auta-dopadli-najlepsie-a-ktore-skoncili-fiaskom\/","author":{"@type":"Person","@id":"https:\/\/www.environ.sk\/author\/#Person","name":"","url":"https:\/\/www.environ.sk\/author\/","identifier":1,"image":{"@type":"ImageObject","@id":"https:\/\/secure.gravatar.com\/avatar\/8497d718f60c891079802e88ae93b6c100d284127a9ef9549781b221f13b4bab?s=96&d=mm&r=g","url":"https:\/\/secure.gravatar.com\/avatar\/8497d718f60c891079802e88ae93b6c100d284127a9ef9549781b221f13b4bab?s=96&d=mm&r=g","height":96,"width":96}},"publisher":{"@type":"Organization","name":"environ.sk","logo":{"@type":"ImageObject","@id":"\/logo.png","url":"\/logo.png","width":600,"height":60}},"image":{"@type":"ImageObject","@id":"https:\/\/www.environ.sk\/wp-content\/uploads\/img_a296547_w16701_t1549615668.png","url":"https:\/\/www.environ.sk\/wp-content\/uploads\/img_a296547_w16701_t1549615668.png","height":0,"width":0},"keywords":null}]}