[{"@context":"https:\/\/schema.org\/","@type":"Article","@id":"https:\/\/www.environ.sk\/slnko-a-vietor-pod-siltovkou-nemaju-sancu\/#Article","mainEntityOfPage":"https:\/\/www.environ.sk\/slnko-a-vietor-pod-siltovkou-nemaju-sancu\/","headline":"Slnko a vietor pod \u0161iltovkou nemaj\u00fa \u0161ancu","name":"Slnko a vietor pod \u0161iltovkou nemaj\u00fa \u0161ancu","description":"http:\/\/www.otvorenahra.sk\/elegantne-riesenie-ako-sa-vyhnut-konfliktom-a-pritom-povedat-svoj-nazor-obrana\/ &gt; Udr\u017ea\u0165 si pekn\u00fd \u00fa\u010des a nepostrapaten\u00e9 vlasy vo vetre je nad\u013eudsk\u00fd v\u00fdkon. Pri silnom pr\u00faden\u00ed vzduchu vznik\u00e1 vietor, niekedy dos\u0165 siln\u00fd, a vtedy je nemo\u017en\u00e9 udr\u017ea\u0165 vlasy na svojom mieste, ale presne na &hellip; ","datePublished":"2022-05-13","dateModified":"2023-07-14","author":{"@type":"Person","@id":"https:\/\/www.environ.sk\/author\/#Person","name":"","url":"https:\/\/www.environ.sk\/author\/","identifier":1,"image":{"@type":"ImageObject","@id":"https:\/\/secure.gravatar.com\/avatar\/8497d718f60c891079802e88ae93b6c100d284127a9ef9549781b221f13b4bab?s=96&d=mm&r=g","url":"https:\/\/secure.gravatar.com\/avatar\/8497d718f60c891079802e88ae93b6c100d284127a9ef9549781b221f13b4bab?s=96&d=mm&r=g","height":96,"width":96}},"publisher":{"@type":"Organization","name":"environ.sk","logo":{"@type":"ImageObject","@id":"\/logo.png","url":"\/logo.png","width":600,"height":60}},"image":{"@type":"ImageObject","@id":"https:\/\/www.environ.sk\/wp-content\/uploads\/hned%C3%A1%20%C5%A1iltovka_10_1.jpeg","url":"https:\/\/www.environ.sk\/wp-content\/uploads\/hned%C3%A1%20%C5%A1iltovka_10_1.jpeg","height":0,"width":0},"url":"https:\/\/www.environ.sk\/slnko-a-vietor-pod-siltovkou-nemaju-sancu\/","about":["Produkty"],"wordCount":418,"articleBody":"   http:\/\/www.otvorenahra.sk\/elegantne-riesenie-ako-sa-vyhnut-konfliktom-a-pritom-povedat-svoj-nazor-obrana\/ &gt;           Udr\u017ea\u0165 si pekn\u00fd \u00fa\u010des a nepostrapaten\u00e9 vlasy vo vetre je nad\u013eudsk\u00fd v\u00fdkon. Pri silnom pr\u00faden\u00ed vzduchu vznik\u00e1 vietor, niekedy dos\u0165 siln\u00fd, a vtedy je nemo\u017en\u00e9 udr\u017ea\u0165 vlasy na svojom mieste, ale presne na tak\u00e9to chv\u00edle s\u00fa n\u00e1m k dispoz\u00edcii \u0161iltovky. Na \u00fa\u010desoch si d\u00e1vaj\u00fa z\u00e1le\u017ea\u0165 nielen \u017eeny, ale aj mu\u017eov dok\u00e1\u017ee roz\u010d\u00fali\u0165 skuto\u010dnos\u0165, \u017ee nedok\u00e1\u017eu svoje vlasy udr\u017ea\u0165 pokope.  \u0160iltovky patria k popul\u00e1rnym a ob\u013e\u00faben\u00fdm doplnkom na hlav\u00e1ch, pou\u017e\u00edvan\u00fdch \u010dastej\u0161ie ako in\u00e9 typy \u010diapok \u010di klob\u00fakov, preto\u017ee je mo\u017en\u00e9 nosi\u0165 ich po\u010das ka\u017ed\u00e9ho obdobia roka, \u010do sa ned\u00e1 poveda\u0165 o pleten\u00fdch \u010diapkach. Obidve \u010dasti popul\u00e1cie, \u017eeny aj mu\u017ei, ich maj\u00fa vo svojich \u0161atn\u00edkoch a u\u017e\u00edvaj\u00fa si \u0161iltovky ich univerz\u00e1lnos\u0165 a praktickos\u0165, naj\u010dastej\u0161ie pri \u0161portov\u00fdch aktivit\u00e1ch, ale aj pri vych\u00e1dzkach do pr\u00edrody \u010di prech\u00e1dzkach v uliciach mesta. S\u00fa \u0161t\u00fdlov\u00fdm doplnkom takzvanej streetwear m\u00f3dy, ale hodia sa aj k be\u017en\u00fdm oby\u010dajn\u00fd tenisk\u00e1m a d\u017e\u00ednsom, nepokaz\u00edte nimi ani le\u017e\u00e9rny outfit.  Trenchtown je internetov\u00fd obchod, ktor\u00fd sa charakterizuje ako spojenie m\u00f3dy a \u017eivotn\u00e9ho \u0161t\u00fdlu. To je pravda, oble\u010denie od nich je v\u00fdrazom ur\u010dit\u00e9ho \u0161t\u00fdlu, a k nemu neodmyslite\u013ene patr\u00ed aj \u0161iltovka. Univerz\u00e1lne strihy s\u00fa ich z\u00e1kladnou charakteristikou, ale aj \u0161t\u00fdl unisex, \u010do ur\u010dite pote\u0161\u00ed pri n\u00e1kupoch, ke\u010f\u017ee sa nemus\u00edme zameriava\u0165 na to, \u010di je to d\u00e1msky alebo p\u00e1nsky doplnok. Regul\u00e1ciu ve\u013ekosti pod\u013ea obvodu hlavy umo\u017e\u0148uje nastavite\u013en\u00fd popruh, to znamen\u00e1, \u017ee si ju prisp\u00f4sob\u00edte jednoduch\u00fdm a r\u00fdchlym \u0165ahom.  Vhodn\u00fa farebnos\u0165 \u010di kombin\u00e1cie farieb a materi\u00e1lov, ozdoben\u00e9 v\u00fd\u0161ivkami, logami, \u0161trasom a in\u00fdmi prvkami, to v\u0161etko m\u00e1 z\u00e1kazn\u00edk mo\u017enos\u0165 pozrie\u0165 si na eshope predajcu, vybera\u0165, h\u013eada\u0165 a nakupova\u0165 s oh\u013eadom na svoje potreby, vkus a preferovan\u00fd \u0161t\u00fdl. \u0160ilt na \u0161iltovke zabr\u00e1ni oslepovaniu siln\u00fdm slnkom a samotn\u00e9 telo je v\u00fdborn\u00fdm ochrancom hlavy pred jeho p\u00e1len\u00edm, ale aj super \u0161t\u00fdlovou skr\u00fd\u0161ou vlasov a ochranou \u00fa\u010desu pred vetrom. Ak ste si nestihli umy\u0165 vlasy alebo vytvori\u0165 slu\u0161iv\u00fd \u00fa\u010des, nasa\u010fte si na hlavu \u0161iltovku a m\u00f4\u017eete vyrazi\u0165.                                                                                                                                                                                                                                                                                                                                                                                          4\/5 - (4 votes)        "},{"@context":"https:\/\/schema.org\/","@type":"BreadcrumbList","itemListElement":[{"@type":"ListItem","position":1,"name":"Slnko a vietor pod \u0161iltovkou nemaj\u00fa \u0161ancu","item":"https:\/\/www.environ.sk\/slnko-a-vietor-pod-siltovkou-nemaju-sancu\/#breadcrumbitem"}]}]