[{"@context":"https:\/\/schema.org\/","@type":"Article","@id":"https:\/\/www.environ.sk\/vzdelanie-je-dolezite\/#Article","mainEntityOfPage":"https:\/\/www.environ.sk\/vzdelanie-je-dolezite\/","headline":"Vzdelanie je d\u00f4le\u017eit\u00e9","name":"Vzdelanie je d\u00f4le\u017eit\u00e9","description":"Pre ka\u017ed\u00e9ho znamen\u00e1 vzdelanie nie\u010do in\u00e9 a\u00a0m\u00e1 k\u00a0nemu in\u00fd pr\u00edstup a\u00a0vz\u0165ah. Pre m\u0148a je ur\u010dite d\u00f4le\u017eit\u00e9 a\u00a0m\u00e1m na to jasn\u00fd postoj. Ka\u017ed\u00fd z\u00a0n\u00e1s sa potrebuje nau\u010di\u0165 z\u00e1kladn\u00e9 vedomosti. Chod\u00edme do z\u00e1kladnej \u0161koly a\u00a0potom si vyber\u00e1me &hellip; ","datePublished":"2019-11-08","dateModified":"2023-04-28","author":{"@type":"Person","@id":"https:\/\/www.environ.sk\/author\/#Person","name":"","url":"https:\/\/www.environ.sk\/author\/","identifier":1,"image":{"@type":"ImageObject","@id":"https:\/\/secure.gravatar.com\/avatar\/8497d718f60c891079802e88ae93b6c100d284127a9ef9549781b221f13b4bab?s=96&d=mm&r=g","url":"https:\/\/secure.gravatar.com\/avatar\/8497d718f60c891079802e88ae93b6c100d284127a9ef9549781b221f13b4bab?s=96&d=mm&r=g","height":96,"width":96}},"publisher":{"@type":"Organization","name":"environ.sk","logo":{"@type":"ImageObject","@id":"\/logo.png","url":"\/logo.png","width":600,"height":60}},"image":{"@type":"ImageObject","@id":"https:\/\/www.environ.sk\/wp-content\/uploads\/img_a299863_w16624_t1556301163.jpg","url":"https:\/\/www.environ.sk\/wp-content\/uploads\/img_a299863_w16624_t1556301163.jpg","height":0,"width":0},"url":"https:\/\/www.environ.sk\/vzdelanie-je-dolezite\/","about":["\u017divotn\u00fd \u0161t\u00fdl"],"wordCount":418,"articleBody":"Pre ka\u017ed\u00e9ho znamen\u00e1 vzdelanie nie\u010do in\u00e9 a\u00a0m\u00e1 k\u00a0nemu in\u00fd pr\u00edstup a\u00a0vz\u0165ah. Pre m\u0148a je ur\u010dite d\u00f4le\u017eit\u00e9 a\u00a0m\u00e1m na to jasn\u00fd postoj. Ka\u017ed\u00fd z\u00a0n\u00e1s sa potrebuje nau\u010di\u0165 z\u00e1kladn\u00e9 vedomosti. Chod\u00edme do z\u00e1kladnej \u0161koly a\u00a0potom si vyber\u00e1me stredn\u00fa.Niektor\u00fd z\u00a0n\u00e1s sa u\u017e nevedia do\u010dka\u0165 kedy \u0161kola skon\u010d\u00ed a\u00a0m\u00f4\u017eu za\u010da\u0165 pracova\u0165. In\u00fd zase maj\u00fa vy\u0161\u0161ie ciele a\u00a0chc\u00fa sa aj na\u010falej vzdel\u00e1va\u0165. M\u00f4\u017eeme si teda vybra\u0165 niektor\u00fa z\u00a0vysok\u00fdch \u0161k\u00f4l na ktorej je mo\u017enos\u0165 bakal\u00e1rskeho, magistersk\u00e9ho, in\u017einierskeho \u010di n\u00e1sledne doktorandsk\u00e9ho \u0161t\u00fadia.Nie je to pre ka\u017ed\u00e9ho, no ur\u010dite v\u00e1m to prinesie nov\u00e9 sk\u00fasenosti alebo\u00a0z\u00e1\u017eitky. Ak si vyberiete odbor, ktor\u00fd v\u00e1s zauj\u00edma a\u00a0bav\u00ed bude to navy\u0161e aj z\u00e1bava. Pre\u010do je ale vzdelanie d\u00f4le\u017eit\u00e9? Pr\u00e1ve preto aby sme mali v\u0161eobecn\u00fd rozh\u013ead a\u00a0vedeli si poradi\u0165 so v\u0161etk\u00fdmi situ\u00e1ciami. M\u00e1me tak navy\u0161e v\u00e4\u010d\u0161iu \u0161ancu sa uplatni\u0165 na trhu pr\u00e1ce. Je prirodzen\u00e9, \u017ee niektor\u00fd z\u00a0n\u00e1s maj\u00fa strach, \u017ee prem\u00e1rnia roky \u0161t\u00fadiom a\u00a0aj napriek tomu si nen\u00e1jdu dobre platen\u00fa pr\u00e1cu.Na to m\u00e1m len jednu odpove\u010f. Vedomosti v\u00e1m nikto nikdy nevezme. Jednoducho sa to na v\u00e1s prejav\u00ed a\u00a0uvid\u00edte sami, \u017ee ste sa zmenili. Potom u\u017e budete inak vn\u00edma\u0165 veci a\u00a0aj inak pristupova\u0165 k\u00a0v\u00fdberu zamestnania. Mo\u017eno v\u00e1s to prekvap\u00ed, no ani plat u\u017e pre v\u00e1s nebude prioritou. \u0164a\u017eko sa to opisuje, preto\u017ee ove\u013ea lep\u0161ie je za\u017ei\u0165 to a\u00a0a\u017e tak to pochop\u00edte. Je to hodnota, ktor\u00e1 v\u00e1m prinesie ve\u013emi ve\u013ea. Vzdelanie je jednoducho d\u00f4le\u017eit\u00e9.Samozrejme ka\u017ed\u00fd z\u00a0n\u00e1s ma in\u00fd n\u00e1zor a\u00a0je norm\u00e1lne, \u017ee niekto vzdelanie nepova\u017euje za d\u00f4le\u017eit\u00e9. Niekto je jednoducho zameran\u00fd sk\u00f4r na manu\u00e1lnu pr\u00e1cu ako na u\u010denie sa. Je to prirodzen\u00e9, \u017ee s\u00fa \u013eudia odli\u0161n\u00fd a\u00a0je to aj dobr\u00e9 pre spolo\u010dnos\u0165. Spolo\u010dnos\u0165 ako tak\u00e1 by mala by\u0165 r\u00f4znorod\u00e1. Malo by by\u0165 prirodzen\u00e9, \u017ee sa pr\u00e1ca na danom \u00fazem\u00ed prerozdel\u00ed medzi \u013eud\u00ed pod\u013ea ich zamerania. Mus\u00edte si teda urobi\u0165 vlastn\u00fd n\u00e1zor a\u00a0postoj ku vzdelaniu.                                                                                                                                                                                                                                                                                                                                                                                        4\/5 - (2 votes)        "},{"@context":"https:\/\/schema.org\/","@type":"BreadcrumbList","itemListElement":[{"@type":"ListItem","position":1,"name":"Vzdelanie je d\u00f4le\u017eit\u00e9","item":"https:\/\/www.environ.sk\/vzdelanie-je-dolezite\/#breadcrumbitem"}]}]