{"@context":"https:\/\/schema.org\/","@type":"CollectionPage","@id":"https:\/\/www.environ.sk\/www\/#CollectionPage","headline":"Www Category","description":"","url":"https:\/\/www.environ.sk\/www\/","hasPart":[{"@type":"Article","@id":"https:\/\/www.environ.sk\/akciovka-alebo-eserocka-plusy-a-minusy\/","headline":"Akciovka alebo esero\u010dka? Plusy a m\u00ednusy","url":"https:\/\/www.environ.sk\/akciovka-alebo-eserocka-plusy-a-minusy\/","datePublished":"2024-06-08","dateModified":"2024-06-08","mainEntityOfPage":"https:\/\/www.environ.sk\/akciovka-alebo-eserocka-plusy-a-minusy\/","author":{"@type":"Person","@id":"https:\/\/www.environ.sk\/author\/#Person","name":"","url":"https:\/\/www.environ.sk\/author\/","identifier":1,"image":{"@type":"ImageObject","@id":"https:\/\/secure.gravatar.com\/avatar\/8497d718f60c891079802e88ae93b6c100d284127a9ef9549781b221f13b4bab?s=96&d=mm&r=g","url":"https:\/\/secure.gravatar.com\/avatar\/8497d718f60c891079802e88ae93b6c100d284127a9ef9549781b221f13b4bab?s=96&d=mm&r=g","height":96,"width":96}},"publisher":{"@type":"Organization","name":"environ.sk","logo":{"@type":"ImageObject","@id":"\/logo.png","url":"\/logo.png","width":600,"height":60}},"image":{"@type":"ImageObject","@id":"https:\/\/www.environ.sk\/wp-content\/uploads\/firm-2003808_640.jpg","url":"https:\/\/www.environ.sk\/wp-content\/uploads\/firm-2003808_640.jpg","height":0,"width":0},"keywords":null},{"@type":"Article","@id":"https:\/\/www.environ.sk\/co-si-uz-nepamatate-to-vam-pripomenie-obraz-z-vasej-fotografie\/","headline":"\u010co si u\u017e nepam\u00e4t\u00e1te, to v\u00e1m pripomenie obraz z va\u0161ej fotografie","url":"https:\/\/www.environ.sk\/co-si-uz-nepamatate-to-vam-pripomenie-obraz-z-vasej-fotografie\/","datePublished":"2022-03-30","dateModified":"2023-04-28","mainEntityOfPage":"https:\/\/www.environ.sk\/co-si-uz-nepamatate-to-vam-pripomenie-obraz-z-vasej-fotografie\/","author":{"@type":"Person","@id":"https:\/\/www.environ.sk\/author\/#Person","name":"","url":"https:\/\/www.environ.sk\/author\/","identifier":1,"image":{"@type":"ImageObject","@id":"https:\/\/secure.gravatar.com\/avatar\/8497d718f60c891079802e88ae93b6c100d284127a9ef9549781b221f13b4bab?s=96&d=mm&r=g","url":"https:\/\/secure.gravatar.com\/avatar\/8497d718f60c891079802e88ae93b6c100d284127a9ef9549781b221f13b4bab?s=96&d=mm&r=g","height":96,"width":96}},"publisher":{"@type":"Organization","name":"environ.sk","logo":{"@type":"ImageObject","@id":"\/logo.png","url":"\/logo.png","width":600,"height":60}},"image":{"@type":"ImageObject","@id":"https:\/\/www.environ.sk\/wp-content\/uploads\/kr%C3%A1sna%20%C5%BEena%20(7)_1.jpg","url":"https:\/\/www.environ.sk\/wp-content\/uploads\/kr%C3%A1sna%20%C5%BEena%20(7)_1.jpg","height":0,"width":0},"keywords":null},{"@type":"Article","@id":"https:\/\/www.environ.sk\/zviditelnenie-svojej-firmy-zverte-do-ruk-profesionalom\/","headline":"Zvidite\u013enenie svojej firmy zverte do r\u00fak profesion\u00e1lom","url":"https:\/\/www.environ.sk\/zviditelnenie-svojej-firmy-zverte-do-ruk-profesionalom\/","datePublished":"2020-07-20","dateModified":"2023-12-04","mainEntityOfPage":"https:\/\/www.environ.sk\/zviditelnenie-svojej-firmy-zverte-do-ruk-profesionalom\/","author":{"@type":"Person","@id":"https:\/\/www.environ.sk\/author\/#Person","name":"","url":"https:\/\/www.environ.sk\/author\/","identifier":1,"image":{"@type":"ImageObject","@id":"https:\/\/secure.gravatar.com\/avatar\/8497d718f60c891079802e88ae93b6c100d284127a9ef9549781b221f13b4bab?s=96&d=mm&r=g","url":"https:\/\/secure.gravatar.com\/avatar\/8497d718f60c891079802e88ae93b6c100d284127a9ef9549781b221f13b4bab?s=96&d=mm&r=g","height":96,"width":96}},"publisher":{"@type":"Organization","name":"environ.sk","logo":{"@type":"ImageObject","@id":"\/logo.png","url":"\/logo.png","width":600,"height":60}},"image":{"@type":"ImageObject","@id":"https:\/\/www.environ.sk\/wp-content\/uploads\/tyrkys-seo-1_1.png","url":"https:\/\/www.environ.sk\/wp-content\/uploads\/tyrkys-seo-1_1.png","height":0,"width":0},"keywords":null},{"@type":"Article","@id":"https:\/\/www.environ.sk\/zrusia-socialne-siete-nadobro-moznost-lajkovat-prispevky\/","headline":"Zru\u0161ia soci\u00e1lne siete nadobro mo\u017enos\u0165 lajkova\u0165 pr\u00edspevky?","url":"https:\/\/www.environ.sk\/zrusia-socialne-siete-nadobro-moznost-lajkovat-prispevky\/","datePublished":"2019-09-09","dateModified":"2023-04-28","mainEntityOfPage":"https:\/\/www.environ.sk\/zrusia-socialne-siete-nadobro-moznost-lajkovat-prispevky\/","author":{"@type":"Person","@id":"https:\/\/www.environ.sk\/author\/#Person","name":"","url":"https:\/\/www.environ.sk\/author\/","identifier":1,"image":{"@type":"ImageObject","@id":"https:\/\/secure.gravatar.com\/avatar\/8497d718f60c891079802e88ae93b6c100d284127a9ef9549781b221f13b4bab?s=96&d=mm&r=g","url":"https:\/\/secure.gravatar.com\/avatar\/8497d718f60c891079802e88ae93b6c100d284127a9ef9549781b221f13b4bab?s=96&d=mm&r=g","height":96,"width":96}},"publisher":{"@type":"Organization","name":"environ.sk","logo":{"@type":"ImageObject","@id":"\/logo.png","url":"\/logo.png","width":600,"height":60}},"image":{"@type":"ImageObject","@id":"https:\/\/www.environ.sk\/wp-content\/uploads\/img_a306481_w16825_t1568997293.png","url":"https:\/\/www.environ.sk\/wp-content\/uploads\/img_a306481_w16825_t1568997293.png","height":0,"width":0},"keywords":null},{"@type":"Article","@id":"https:\/\/www.environ.sk\/7-dovodov-preco-by-ste-mali-vlastnit-domenu\/","headline":"7 d\u00f4vodov pre\u010do by ste mali vlastni\u0165 dom\u00e9nu","url":"https:\/\/www.environ.sk\/7-dovodov-preco-by-ste-mali-vlastnit-domenu\/","datePublished":"2019-05-25","dateModified":"2023-04-28","mainEntityOfPage":"https:\/\/www.environ.sk\/7-dovodov-preco-by-ste-mali-vlastnit-domenu\/","author":{"@type":"Person","@id":"https:\/\/www.environ.sk\/author\/#Person","name":"","url":"https:\/\/www.environ.sk\/author\/","identifier":1,"image":{"@type":"ImageObject","@id":"https:\/\/secure.gravatar.com\/avatar\/8497d718f60c891079802e88ae93b6c100d284127a9ef9549781b221f13b4bab?s=96&d=mm&r=g","url":"https:\/\/secure.gravatar.com\/avatar\/8497d718f60c891079802e88ae93b6c100d284127a9ef9549781b221f13b4bab?s=96&d=mm&r=g","height":96,"width":96}},"publisher":{"@type":"Organization","name":"environ.sk","logo":{"@type":"ImageObject","@id":"\/logo.png","url":"\/logo.png","width":600,"height":60}},"image":{"@type":"ImageObject","@id":"https:\/\/www.environ.sk\/wp-content\/uploads\/img_a303344_w16825_t1563977676.jpg","url":"https:\/\/www.environ.sk\/wp-content\/uploads\/img_a303344_w16825_t1563977676.jpg","height":0,"width":0},"keywords":null},{"@type":"Article","@id":"https:\/\/www.environ.sk\/zoznamte-sa-s-copywritingom\/","headline":"Zozn\u00e1mte sa s copywritingom","url":"https:\/\/www.environ.sk\/zoznamte-sa-s-copywritingom\/","datePublished":"2019-05-08","dateModified":"2024-04-19","mainEntityOfPage":"https:\/\/www.environ.sk\/zoznamte-sa-s-copywritingom\/","author":{"@type":"Person","@id":"https:\/\/www.environ.sk\/author\/#Person","name":"","url":"https:\/\/www.environ.sk\/author\/","identifier":1,"image":{"@type":"ImageObject","@id":"https:\/\/secure.gravatar.com\/avatar\/8497d718f60c891079802e88ae93b6c100d284127a9ef9549781b221f13b4bab?s=96&d=mm&r=g","url":"https:\/\/secure.gravatar.com\/avatar\/8497d718f60c891079802e88ae93b6c100d284127a9ef9549781b221f13b4bab?s=96&d=mm&r=g","height":96,"width":96}},"publisher":{"@type":"Organization","name":"environ.sk","logo":{"@type":"ImageObject","@id":"\/logo.png","url":"\/logo.png","width":600,"height":60}},"image":{"@type":"ImageObject","@id":"https:\/\/www.environ.sk\/wp-content\/uploads\/img_a307337_w16620_t1571381574.jpg","url":"https:\/\/www.environ.sk\/wp-content\/uploads\/img_a307337_w16620_t1571381574.jpg","height":0,"width":0},"keywords":null},{"@type":"Article","@id":"https:\/\/www.environ.sk\/dnesne-deti-nie-su-naucene-premyslat-ale-skor-cumiet-do-mobilu\/","headline":"Dne\u0161n\u00e9 deti nie s\u00fa nau\u010den\u00e9 prem\u00fd\u0161\u013ea\u0165, ale sk\u00f4r \u010dumie\u0165 do mobilu","url":"https:\/\/www.environ.sk\/dnesne-deti-nie-su-naucene-premyslat-ale-skor-cumiet-do-mobilu\/","datePublished":"2018-09-14","dateModified":"2023-04-28","mainEntityOfPage":"https:\/\/www.environ.sk\/dnesne-deti-nie-su-naucene-premyslat-ale-skor-cumiet-do-mobilu\/","author":{"@type":"Person","@id":"https:\/\/www.environ.sk\/author\/#Person","name":"","url":"https:\/\/www.environ.sk\/author\/","identifier":1,"image":{"@type":"ImageObject","@id":"https:\/\/secure.gravatar.com\/avatar\/8497d718f60c891079802e88ae93b6c100d284127a9ef9549781b221f13b4bab?s=96&d=mm&r=g","url":"https:\/\/secure.gravatar.com\/avatar\/8497d718f60c891079802e88ae93b6c100d284127a9ef9549781b221f13b4bab?s=96&d=mm&r=g","height":96,"width":96}},"publisher":{"@type":"Organization","name":"environ.sk","logo":{"@type":"ImageObject","@id":"\/logo.png","url":"\/logo.png","width":600,"height":60}},"image":{"@type":"ImageObject","@id":"https:\/\/www.environ.sk\/wp-content\/uploads\/img_a293338_w16635_t1542218710.jpg","url":"https:\/\/www.environ.sk\/wp-content\/uploads\/img_a293338_w16635_t1542218710.jpg","height":0,"width":0},"keywords":null}]}